{"id":3980,"date":"2020-09-27T11:49:13","date_gmt":"2020-09-27T11:49:13","guid":{"rendered":"http:\/\/facilitymade.com\/data\/?p=3980"},"modified":"2020-09-22T13:39:22","modified_gmt":"2020-09-22T13:39:22","slug":"rencontre-internationale-jeunes-2012","status":"publish","type":"post","link":"http:\/\/facilitymade.com\/data\/2020\/09\/27\/rencontre-internationale-jeunes-2012\/","title":{"rendered":"Rencontre Internationale Jeunes 2012"},"content":{"rendered":"<p>Les articles plus haut mentionn\u00e9s sanctionnent aussi laffaiblissement du sentiment national et lincitation aux dissensions communautaires et confessionnelles, les tentatives de modification de la Constitution de lEtat par des moyens ill\u00e9gitimes, et lentrave \u00e0 laccomplissement de leurs fonctions par les autorit\u00e9s en place. Ils concernent enfin les atteintes \u00e0 lunit\u00e9 nationale et lappartenance \u00e0 des associations secr\u00e8tes. <img decoding=\"async\" src=\"http:\/\/resize.over-blog.com\/1020x765.jpg?http:\/\/idata.over-blog.com\/4\/92\/94\/50\/Album-2-Festival-des-Jeunes-Createurs-de-Mode-2012\/IMGP8109-FILEminimizer.JPG\" alt=\"rencontre internationale jeunes 2012\" align=\"right\"> Cest \u00e0 la suite de linvitation lanc\u00e9e par le Secr\u00e9taire G\u00e9n\u00e9ral de l \u00e0 la jeunesse lors de son discours douverture du premier Forum mondial de la langue fran\u00e7aise de Qu\u00e9bec 2012 d\u00e9clarant : Je forme donc le v\u0153u, en terminant, que ce Forum soit le lieu dun dialogue ouvert et franc, le lieu dexpression dune parole libre, d\u00e9rangeante m\u00eame, car cest dans cet esprit que nous avons voulu vous entendre, vous les jeunes, vous la soci\u00e9t\u00e9 civile, loin des pr\u00e9cautions oratoires du langage diplomatique. Alors bousculez-nous, \u00e9tonnez-nous, inspirez-nous pour le pr\u00e9sent et pour lavenir, quune soixantaine de jeunes participants se sont r\u00e9unis de mani\u00e8re informelle pour discuter de leurs pr\u00e9occupations quant \u00e0 lavenir de la francophonie, de la francophilie et de la langue fran\u00e7aise dune fa\u00e7on g\u00e9n\u00e9rale. Un dialogue entre le monde arabe et le monde occidental R\u00e9sum\u00e9 : organis\u00e9e par le centre dhistoire des techniques CH2STEA 127, cette journ\u00e9e d\u00e9tude vise avant tout \u00e0 baliser un champ de recherche \u00e9mergeant sur les savoirs m\u00e9caniques, li\u00e9s \u00e0 lessor de la figure de ling\u00e9nieur, en mettant en lumi\u00e8re deux moments : l\u00e9mergence dune mentalit\u00e9 technique centr\u00e9e sur lutilit\u00e9 \u00e0 la Renaissance, et la naissance de la m\u00e9canique moderne \u00e0 partir du d\u00e9but du XVIIIe si\u00e8cle. En parall\u00e8le dune historiographie principalement focalis\u00e9e sur la science m\u00e9canique et m\u00e9caniste naissante, les interventions ouvrent le champ en explorant, \u00e0 travers des oeuvres \u00e9crites par des praticiens et des ing\u00e9nieurs plut\u00f4t que par des scientifiques, les savoirs, de nature scientifique ou non, permettant de penser et de fabriquer des machines \u00e0 l\u00e9poque moderne. La question de la d\u00e9finition de la machine faisant d\u00e9bat, les interventions de la journ\u00e9e sont encadr\u00e9es par deux communications, en d\u00e9but et fin de journ\u00e9es lune port\u00e9e sur la notion technologie et lautre sur la m\u00e9canologie g\u00e9n\u00e9tique.  associations pr\u00e9occup\u00e9s par la construction dun monde de paix qui le A loccasion de son 70\u00e8me anniversaire, lAgence Fran\u00e7aise de D\u00e9veloppement AFD organise une grande exposition photo en association avec Magnum Photos. Cette exposition vise \u00e0 susciter un nouveau regard vers les pays du Sud, loin de limage qui leur est trop souvent associ\u00e9e. Les photographies pr\u00e9sent\u00e9es mettent en lumi\u00e8re 7 d\u00e9fis et les r\u00e9ponses du d\u00e9veloppement. Elles montrent 7 projets financ\u00e9s par lAFD, mettent en avant leurs r\u00e9sultats et racontent limplication des partenaires du Sud.. International Conference on Integral Methods in Science and Engineering IMSE2020, St Petersburg Russia-Co\u00efncidant avec le 50\u00e8me anniversaire de louverture du Concile Vatican II 1962-1965, Beno\u00eet XVI c\u00e9l\u00e8bre la messe.. Journ\u00e9e Gamni-Psmn sur le probl\u00e8mes de valeurs propres \u00e0 lENS-Lyon 2nd Workshop on Stochastic Equations and Related Topics, \u00e0 Jena, Allemagne-\u03c0\u03bf\u03b9\u03bf\u03c2 \u03bc \u03b1\u03b3\u03b1\u03c0\u03ac\u03b5\u03b9 \u03b1\u03ba\u03cc\u03bc\u03b1 \u03a4\u03bf \u03c0\u03c1\u03bf\u03ca\u03cc\u03bd \u03c0\u03c1\u03bf\u03c3\u03c4\u03ad\u03b8\u03b7\u03ba\u03b5 \u03bc\u03b5 \u03b5\u03c0\u03b9\u03c4\u03c5\u03c7\u03af\u03b1 \u03c3\u03c4\u03bf \u03ba\u03b1\u03bb\u03ac\u03b8\u03b9 \u03b1\u03b3\u03bf\u03c1\u03ce\u03bd \u03c3\u03b1\u03c2 <img decoding=\"async\" src=\"http:\/\/1.bp.blogspot.com\/-RrTEwdm7-is\/UQKdGNDa2zI\/AAAAAAAAA3s\/1JNEjQ1jHO0\/s1600\/IMG_1857.JPG\" alt=\"rencontre internationale jeunes 2012\" align=\"center\"> Les mobilit\u00e9s, th\u00e8me \u00e9mergent des \u00e9lections municipales 2020 \u0386\u03bd\u03b5\u03c4\u03bf \u03c3\u03b1\u03ba\u03af\u03b4\u03b9\u03bf \u03bc\u03b5 \u03b1\u03bd\u03b1\u03c4\u03bf\u03bc\u03b9\u03ba\u03ae DNS \u03b1\u03bd\u03b1\u03c0\u03bd\u03ad\u03bf\u03c5\u03c3\u03b1 \u03c0\u03bb\u03ac\u03c4\u03b7. \u0394\u03b9\u03b1\u03b8\u03ad\u03c4\u03b5\u03b9 \u03b4\u03b9\u03b1\u03bc\u03ad\u03c1\u03b9\u03c3\u03bc\u03b1 \u03b3\u03b9\u03b1 \u03c5\u03b4\u03c1\u03bf\u03b4\u03bf\u03c7\u03b5\u03af\u03bf, \u03b5\u03c0\u03ad\u03ba\u03c4\u03b1\u03c3\u03b7 3 \u03bb\u03af\u03c4\u03c1\u03c9\u03bd \u03ba\u03b1\u03b9 \u03c0\u03c4\u03c5\u03c3\u03c3\u03cc\u03bc\u03b5\u03bd\u03bf \u03ba\u03c1\u03ac\u03c4\u03b7\u03bc\u03b1 \u03ba\u03c1\u03ac\u03bd\u03bf\u03c5\u03c2. \u0399\u03b4\u03b1\u03bd\u03b9\u03ba\u03cc \u03b3\u03b9\u03b1 \u03c4\u03c1\u03ad\u03be\u03b9\u03bc\u03bf, mountain biking \u03ba\u03b1\u03b9 \u03c0\u03b5\u03b6\u03bf\u03c0\u03bf\u03c1\u03af\u03b1. Nous vous attendons donc nombreux pour participer \u00e0 cette action, le samedi 13 octobre \u00e0 15h00 pr\u00e9cises \u00e0 la Bastille.  En m\u00eame temps que le succ\u00e8s professionnel, Franck soffre un relooking aussi physique. D\u00e9sormais, le gamin que lon ne remarquait pas au coll\u00e8ge affiche ses pectoraux saillants et son regard de braise sur Instagram. Ce look de beau gosse fait fantasmer. Mais ne r\u00e8gle pas les probl\u00e8mes de confiance en moi avec les filles, temp\u00e8re le quadra, qui, ironiquement, se qualifie de Vin Diesel de Melun. <img decoding=\"async\" src=\"http:\/\/rampok.org\/img\/1d674108a896967a03eee9db986e7f01.png\" alt=\"rencontre internationale jeunes 2012\" align=\"right\"> Un covoiturage, rendez-vous sur le parking du Petit Casino de B\u00e9ziers  Connectez-vous pour retrouver vos favoris sur tous vos \u00e9crans et profiter dune exp\u00e9rience personnalis\u00e9e.<\/p>\n","protected":false},"excerpt":{"rendered":"<p>rencontre internationale jeunes 2012<\/p>\n","protected":false},"author":1,"featured_media":0,"comment_status":"closed","ping_status":"closed","sticky":false,"template":"","format":"standard","meta":{"hide_page_title":"","footnotes":""},"categories":[1],"tags":[],"class_list":["post-3980","post","type-post","status-publish","format-standard","hentry","category-uncategorized"],"_links":{"self":[{"href":"http:\/\/facilitymade.com\/data\/wp-json\/wp\/v2\/posts\/3980","targetHints":{"allow":["GET"]}}],"collection":[{"href":"http:\/\/facilitymade.com\/data\/wp-json\/wp\/v2\/posts"}],"about":[{"href":"http:\/\/facilitymade.com\/data\/wp-json\/wp\/v2\/types\/post"}],"author":[{"embeddable":true,"href":"http:\/\/facilitymade.com\/data\/wp-json\/wp\/v2\/users\/1"}],"replies":[{"embeddable":true,"href":"http:\/\/facilitymade.com\/data\/wp-json\/wp\/v2\/comments?post=3980"}],"version-history":[{"count":1,"href":"http:\/\/facilitymade.com\/data\/wp-json\/wp\/v2\/posts\/3980\/revisions"}],"predecessor-version":[{"id":3981,"href":"http:\/\/facilitymade.com\/data\/wp-json\/wp\/v2\/posts\/3980\/revisions\/3981"}],"wp:attachment":[{"href":"http:\/\/facilitymade.com\/data\/wp-json\/wp\/v2\/media?parent=3980"}],"wp:term":[{"taxonomy":"category","embeddable":true,"href":"http:\/\/facilitymade.com\/data\/wp-json\/wp\/v2\/categories?post=3980"},{"taxonomy":"post_tag","embeddable":true,"href":"http:\/\/facilitymade.com\/data\/wp-json\/wp\/v2\/tags?post=3980"}],"curies":[{"name":"wp","href":"https:\/\/api.w.org\/{rel}","templated":true}]}}