{"id":3708,"date":"2020-09-27T08:40:20","date_gmt":"2020-09-27T08:40:20","guid":{"rendered":"http:\/\/facilitymade.com\/data\/?p=3708"},"modified":"2020-09-22T04:01:18","modified_gmt":"2020-09-22T04:01:18","slug":"rencontre-europeenne-rotterdam","status":"publish","type":"post","link":"http:\/\/facilitymade.com\/data\/2020\/09\/27\/rencontre-europeenne-rotterdam\/","title":{"rendered":"Rencontre Europ\u00e9enne Rotterdam"},"content":{"rendered":"<p>Depuis 1970, la communaut\u00e9 de Taiz\u00e9 continue le chemin que son fondateur, fr\u00e8re Roger, a ouvert pour soutenir des jeunes dans une recherche de r\u00e9conciliation et de paix, non seulement entre chr\u00e9tiens mais aussi entre peuples. La r\u00e9conciliation entre les peuples <img decoding=\"async\" src=\"http:\/\/cdn.purple.fr\/a2683377e8cc8f9995abeb301d5a344d\/static.purple.fr\/2018\/02\/Doug-Aitken-Workshop-The-Garden-5-copie-300x169.jpg\/300x300\/Doug-Aitken-Workshop-The-Garden-5-copie-300x169.jpg\" alt=\"rencontre europ\u00e9enne rotterdam\" align=\"left\"> Pour d\u00e9couvrir lensemble du classement, cest ici : <img decoding=\"async\" src=\"http:\/\/www.europarl.europa.eu\/the-president\/transform\/reference-list\/galaxy-2016\/content\/static\/images\/articles\/alassane-ouattara-antonio-tajani.jpg\" alt=\"rencontre europ\u00e9enne rotterdam\" align=\"left\">  loccasion de la 3 0 e Rencontre europ\u00e9enne d e s jeunes de la Communaut \u00e9 d e Taiz\u00e9, \u00e0 Gen\u00e8ve. J\u00e9tais donc parfaitement install\u00e9 au dernier anneau de ce stade moderne de plus de 54.000 places, \u00e0 quelque pas de la tribune de presse. Of Mary He lp of Christ ia ns opened wi th the son g I announc e.. Cit\u00e9 peu importante \u00e0 ses d\u00e9buts, elle nen a pas moins r\u00e9sist\u00e9 vaillamment \u00e0 Maximilien, archiduc dAutriche, au moment des r\u00e9voltes de la Flandre et de la Hollande, entre 1482 et 1489. Objet de toutes les convoitises, elle est mise \u00e0 sac et occup\u00e9e par les Espagnols en 1572, pour finalement tomber entre les mains des gueux, v\u00e9ritable petite arm\u00e9e de corsaires aux ordres des aristocrates locaux ennemis de lEspagne, qui d\u00e9cident den faire une base navale. Rotterdam, opportuniste, saisit alors la chance qui lui est offerte de se d\u00e9velopper : de grands travaux sont entrepris bassins, annexion du petit port fluvial de Delft., tandis que se tisse de mani\u00e8re g\u00e9n\u00e9rale un important r\u00e9seau d\u00e9changes commerciaux dans les provinces du Nord lib\u00e9r\u00e9es. Chaque ann\u00e9e, d\u00e8s l\u00e2ge de 9 ans, 1 800 \u00e9l\u00e8ves d\u00e9buteront un programme intensif et innovant dorientation professionnelle Dans le cadre dun projet daide humanitaire avec la Cor\u00e9e du Nord organis\u00e9 par la communaut\u00e9 de Taiz\u00e9, les jeunes sont invit\u00e9s \u00e0 apporter \u00e0 Berlin du mat\u00e9riel m\u00e9dical de premi\u00e8re Rencontres de Taiz\u00e9 : le partage \u00e0 travers lEurope A la t\u00eate de ce mastodonte, lAutorit\u00e9 portuaire est dabord propri\u00e9taire des 12 500 hectares de la zone, des 70 kilom\u00e8tres de quais et des 80 terminaux g\u00e9ants. Elle a b\u00e2ti linfrastructure quelle loue \u00e0 des centaines dentreprises de toutes tailles et de tous secteurs : p\u00e9trole, gaz, chimie, charbon, biens d\u00e9quipement, denr\u00e9es agricoles en vrac ou conditionn\u00e9es Arriv\u00e9 \u00e0 saturation, le site a fait lobjet dun agrandissement massif au d\u00e9but des ann\u00e9es 2010 : en gagnant 3,5 kilom\u00e8tres sur la mer, le projet Maasvlakte 2 la seconde plaine de la Meuse a compl\u00e8tement chang\u00e9 la physionomie de la c\u00f4te n\u00e9erlandaise! Rotterdam Jobs and skills in the local economy BRIDGE-Building the Right Investments for Delivering a Growing Economy un habitu \u00e9 d e Taiz\u00e9 q u i a particip\u00e9 \u00e0 l a rencontre d e Sarajevo, a.. 21h00 Eurosport 1 Tennis Players Cut-La S\u00e9lectiond de Stalinlas Wawrinka Nous portons dans nos coeurs toutes les premi\u00e8res \u00e9motions de ces jeunes qui d\u00e9couvrent pour la premi\u00e8re fois la notion dEglise Universelle.Que Dieu continue d\u00e9clairer leur route de courage,de <img decoding=\"async\" src=\"http:\/\/www.komingup.com\/wp-content\/uploads\/2012\/09\/ROTTERDAM-CENTRAL-BY-KOMING-UP.jpg\" alt=\"rencontre europ\u00e9enne rotterdam\" align=\"right\">  Henri Tincq, LEurope \u00e0 mains jointes, 5 janvier 1989 Pour le classement par \u00e9quipe, les r\u00e9sultats des \u00e9preuves de mercredi bar\u00e8me C, ainsi que ceux des deux manches du Prix des nations de jeudi et de vendredi sont additionn\u00e9s.  La derni\u00e8re Convention a eu lieu en avril 2018 \u00e0 Melbourne Australie UIA projects contributing to inclusive and smart growth: Report reflecting experiences and first lessons now available Pour votre voyage en train rendez-vous sur le site.<\/p>\n","protected":false},"excerpt":{"rendered":"<p>rencontre europ\u00e9enne rotterdam<\/p>\n","protected":false},"author":1,"featured_media":0,"comment_status":"closed","ping_status":"closed","sticky":false,"template":"","format":"standard","meta":{"hide_page_title":"","footnotes":""},"categories":[1],"tags":[],"class_list":["post-3708","post","type-post","status-publish","format-standard","hentry","category-uncategorized"],"_links":{"self":[{"href":"http:\/\/facilitymade.com\/data\/wp-json\/wp\/v2\/posts\/3708","targetHints":{"allow":["GET"]}}],"collection":[{"href":"http:\/\/facilitymade.com\/data\/wp-json\/wp\/v2\/posts"}],"about":[{"href":"http:\/\/facilitymade.com\/data\/wp-json\/wp\/v2\/types\/post"}],"author":[{"embeddable":true,"href":"http:\/\/facilitymade.com\/data\/wp-json\/wp\/v2\/users\/1"}],"replies":[{"embeddable":true,"href":"http:\/\/facilitymade.com\/data\/wp-json\/wp\/v2\/comments?post=3708"}],"version-history":[{"count":1,"href":"http:\/\/facilitymade.com\/data\/wp-json\/wp\/v2\/posts\/3708\/revisions"}],"predecessor-version":[{"id":3709,"href":"http:\/\/facilitymade.com\/data\/wp-json\/wp\/v2\/posts\/3708\/revisions\/3709"}],"wp:attachment":[{"href":"http:\/\/facilitymade.com\/data\/wp-json\/wp\/v2\/media?parent=3708"}],"wp:term":[{"taxonomy":"category","embeddable":true,"href":"http:\/\/facilitymade.com\/data\/wp-json\/wp\/v2\/categories?post=3708"},{"taxonomy":"post_tag","embeddable":true,"href":"http:\/\/facilitymade.com\/data\/wp-json\/wp\/v2\/tags?post=3708"}],"curies":[{"name":"wp","href":"https:\/\/api.w.org\/{rel}","templated":true}]}}