{"id":3502,"date":"2020-09-26T08:02:50","date_gmt":"2020-09-26T08:02:50","guid":{"rendered":"http:\/\/facilitymade.com\/data\/?p=3502"},"modified":"2020-09-21T22:08:23","modified_gmt":"2020-09-21T22:08:23","slug":"rencontre-avec-filles-mali","status":"publish","type":"post","link":"http:\/\/facilitymade.com\/data\/2020\/09\/26\/rencontre-avec-filles-mali\/","title":{"rendered":"Rencontre Avec Filles Mali"},"content":{"rendered":"<p>Je suis b\u00e9ninois chef dentreprise. Je suis a la recherche des hommes daffaires qui pourront maider a agrandir mon entreprise dans les domaines suivant :commerce g\u00e9n\u00e9ral,BTP CONSTRUCTION ET HYDRAULIQUE, AGRICULTURE. Une photo publie par Demdem ilovebilou le 30 Dc. 2016 21h46 PST En continuant \u00e0 naviguer sur ce site, vous acceptez le fait quil utilise des cookies et les termes sp\u00e9cifi\u00e9s dans nos. Post\u00e9 le Dimanche 25 Novembre 2018 \u00e0 22h38 par Ben93 <img decoding=\"async\" src=\"http:\/\/sanslimitesn.com\/wp-content\/uploads\/2017\/01\/sexe-prostitution-penis-fille-femmes.jpg-couple.jpg\" alt=\"rencontre avec filles mali\" align=\"right\"> <img decoding=\"async\" src=\"http:\/\/www.mjidelguerrab.fr\/wp-content\/uploads\/2018\/04\/mali-lyc%C3%A9e.jpg\" alt=\"rencontre avec filles mali\" align=\"left\"> bjr je me nomme chris je viens du Burkina faso edutient en licence 1 en science economique et de gestion je veus des amies partout dans le monde pas distinction de langue pationnees du cinema et de la musique Bamako les putes sont dispos\u00e9es \u00e0 faire le n\u00e9cessaire pour r\u00e9pondre \u00e0 chacune des demandes de leurs compagnes. Votre mot de passe peut comprendre de 8 \u00e0 20 caract\u00e8res alphanum\u00e9riques. IMPORTANT : Par mesure de s\u00e9curit\u00e9, ne pas utiliser le M\u00caME mot de passe que pour votre messagerie. Jaimerai rentrer avec toutes les personnes int\u00e9ress\u00e9es pour des promotions immobili\u00e8res en Afriue Le b\u00e2timent a \u00e9t\u00e9 construit \u00e0 l\u00e9cart de la ville, sur un terrain non pourvu en eau courante et b\u00e9n\u00e9ficiant dune alimentation en \u00e9lectricit\u00e9 sporadique. Le b\u00e2timent et le mobilier se d\u00e9gradent, le taux dencadrement est de 1 nounou pour 15 enfants.  2 Traor\u00e9, Oumou Ahmar. Mamou, \u00e9pouse et m\u00e8re d\u00e9migr\u00e9s. Bamako : \u00c9ditions Asselar, 2007. Pour \u00eatre alert\u00e9 par email dune r\u00e9action \u00e0 ce commentaire, merci de je cherche un potentiel bailleur de fond pour mon projet, la cr\u00e9ation dune entreprise de BTP en COTE DIVOIRE 31Il y a plut\u00f4t compl\u00e9mentarit\u00e9, voire, par moments, interd\u00e9pendance entre les deux litt\u00e9ratures. La riche histoire du Mali, une fois de plus, a dabord \u00e9t\u00e9 orale avant d\u00eatre consign\u00e9e par \u00e9crit. Il a \u00e9t\u00e9 d\u00e9montr\u00e9 que les traditions et expressions orales sont utilis\u00e9es pour transmettre des connaissances, des valeurs culturelles et sociales et une m\u00e9moire collective et aussi que leur r\u00f4le est essentiel pour garder vivantes les cultures. Les traditionnalistes sont encore sollicit\u00e9s pour leur immense savoir. Jaimerais travailler avec vous mon contact est 0022891015623 Accus\u00e9s de traite d\u00eatres humains, de trafics, de crimes organis\u00e9s, etc, ces passeurs sont devenus des persona non grata dans tous les pays europ\u00e9ens. Le d\u00e9mant\u00e8lement de leurs r\u00e9seaux \u00e9tait et continue \u00e0 pr\u00e9sent d\u00eatre une priorit\u00e9 pour les autorit\u00e9s fran\u00e7aises et leurs partenaires europ\u00e9ens. Eric Besson soulignait que : Nous devons r\u00e9ussir \u00e0 d\u00e9courager les candidats \u00e0 limmigration clandestine, ce qui signifie que nous devons d\u00e9manteler les r\u00e9seaux qui la rendent possible. Car ici, on ne vient pas tout seul, en organisant son arriv\u00e9e individuellement dans le Calaisis. On vient accompagn\u00e9 sic par des r\u00e9seaux mafieux qui r\u00e9alisent un business aussi odieux que lucratif Cette France-l\u00e0 2008-2009 : 184 <img decoding=\"async\" src=\"http:\/\/www.challenge.ma\/wp-content\/uploads\/2017\/03\/Nathalie-Loiseau-11-e1488450462786.jpg\" alt=\"rencontre avec filles mali\" align=\"left\">  mes f\u00e9licitationspour ce plan cest formidable pour la corespondance et le contact Super jaimerais bien avoir correspondant e surtout pour am\u00e9liorer mon fran\u00e7ais je suis s\u00e9n\u00e9galaise Jeune homme S\u00e9n\u00e9galais 32ans agent de sant\u00e9 cherche des correspondanteshf dans toute lEurope, Asie ou Am\u00e9rique pour amiti\u00e9 sinc\u00e8re et durable \u00e9change voyage contactez moi sur WhatsApp tel: 221 77 360 73 40 Les capacite\u0301s de prise en charge sanitaire du Mali sont de\u0301ficitaires a\u0300 plusieurs e\u0301gards. LOrganisation Mondiale de la Sante\u0301 juge en effet inade\u0301quats le niveau et la qualite\u0301 des soins dispense\u0301s dans ce pays. En 2013, les de\u0301penses de sante\u0301 se\u0301levaient a\u0300 53 par habitants, soit 7,1 du PIB consacre\u0301s a\u0300 la sante\u0301. Le PNUD classe le Mali a\u0300 la 176e place sur 187 pays dapre\u0300s leur Indice de De\u0301veloppement Humain. Apr\u00e8s les deux jours intenses pass\u00e9s aupr\u00e8s de Marie \u00e0 Kita avec 4000 maliens p\u00e8lerins, notre d\u00e9l\u00e9gation montpelli\u00e9raine sest install\u00e9e au bord du fleuve Niger \u00e0 proximit\u00e9 de Bamako.  Cyril Hanouna remerci\u00e9 par le pr\u00e9sident de la SPA et le ministre de lAgriculture pour son engagement pour le bien-\u00eatre animal-Ce soir chez Baba, le 14 avril 2020, sur C8.<\/p>\n","protected":false},"excerpt":{"rendered":"<p>rencontre avec filles mali<\/p>\n","protected":false},"author":1,"featured_media":0,"comment_status":"closed","ping_status":"closed","sticky":false,"template":"","format":"standard","meta":{"hide_page_title":"","footnotes":""},"categories":[1],"tags":[],"class_list":["post-3502","post","type-post","status-publish","format-standard","hentry","category-uncategorized"],"_links":{"self":[{"href":"http:\/\/facilitymade.com\/data\/wp-json\/wp\/v2\/posts\/3502","targetHints":{"allow":["GET"]}}],"collection":[{"href":"http:\/\/facilitymade.com\/data\/wp-json\/wp\/v2\/posts"}],"about":[{"href":"http:\/\/facilitymade.com\/data\/wp-json\/wp\/v2\/types\/post"}],"author":[{"embeddable":true,"href":"http:\/\/facilitymade.com\/data\/wp-json\/wp\/v2\/users\/1"}],"replies":[{"embeddable":true,"href":"http:\/\/facilitymade.com\/data\/wp-json\/wp\/v2\/comments?post=3502"}],"version-history":[{"count":1,"href":"http:\/\/facilitymade.com\/data\/wp-json\/wp\/v2\/posts\/3502\/revisions"}],"predecessor-version":[{"id":3503,"href":"http:\/\/facilitymade.com\/data\/wp-json\/wp\/v2\/posts\/3502\/revisions\/3503"}],"wp:attachment":[{"href":"http:\/\/facilitymade.com\/data\/wp-json\/wp\/v2\/media?parent=3502"}],"wp:term":[{"taxonomy":"category","embeddable":true,"href":"http:\/\/facilitymade.com\/data\/wp-json\/wp\/v2\/categories?post=3502"},{"taxonomy":"post_tag","embeddable":true,"href":"http:\/\/facilitymade.com\/data\/wp-json\/wp\/v2\/tags?post=3502"}],"curies":[{"name":"wp","href":"https:\/\/api.w.org\/{rel}","templated":true}]}}