{"id":3450,"date":"2020-09-26T11:51:23","date_gmt":"2020-09-26T11:51:23","guid":{"rendered":"http:\/\/facilitymade.com\/data\/?p=3450"},"modified":"2020-09-21T20:37:36","modified_gmt":"2020-09-21T20:37:36","slug":"rencontre-du-pape-francois-avec-benoit-16","status":"publish","type":"post","link":"http:\/\/facilitymade.com\/data\/2020\/09\/26\/rencontre-du-pape-francois-avec-benoit-16\/","title":{"rendered":"Rencontre Du Pape Fran\u00e7ois Avec Benoit 16"},"content":{"rendered":"<p>Dans la Curie, il y a des saints, mais aussi un courant de corruption. Cest vrai quil existe. On parle aussi de lobby gay, et cest vrai quil existe aussi. La derni\u00e8re modification de cette page a \u00e9t\u00e9 faite le 6 juin 2020 \u00e0 11:57. <img decoding=\"async\" src=\"http:\/\/cdn.terredecompassion.com\/wp-content\/uploads\/2017\/04\/Diapositive1-1.jpg\" alt=\"rencontre du pape fran\u00e7ois avec benoit 16\" align=\"right\"> Notre t\u00e9moignage de chr\u00e9tiens portera dautant mieux que notre expression sera empreinte de bienveillance et de charit\u00e9. Je trouve que beno\u00eet XVI \u00e0 du mal \u00e0 m\u00e2ch\u00e9 il est us\u00e9 \u00c0 la Madeleine, Mgr Benoist de Sinety a invit\u00e9 Johnny Halliday a entr\u00e9 dans la lumi\u00e8re, dans une hom\u00e9lie que certains ont qualifi\u00e9 de rock. A relire en int\u00e9gralit\u00e9. En Qu\u00eate de Sens Les professionnels de la nuit tirent la sonnette dalarme : les comas se multiplient apr\u00e8s la consommation de GBL ou de GBH chez les 18-27 ans. Comment sensibiliser \u00e0 ces drogues et lutter contre ce ph\u00e9nom\u00e8ne? Franz Steinbach et Anne Batisse au micro de Sophie Nouaille. Dapr\u00e8s, le pape Beno\u00eet XVI a, \u00e0 plusieurs reprises, manifest\u00e9 son intransigeance concernant les affaires dabus sexuels. Peu avant son \u00e9lection en 2005, il d\u00e9nonce les souillures dans l\u00c9glise et particuli\u00e8rement parmi les pr\u00eatres,. D\u00e8s le d\u00e9but de son pontificat, il a des mots de compassion \u00e0 l\u00e9gard des victimes. \u00c0 bord de lavion qui le conduit \u00e0 Washington, le 15 avril 2008, le pape se dit particuli\u00e8rement honteux de tous les cas relev\u00e9s dans l\u00c9glise, ajoutant quun p\u00e9dophile ne peut pas \u00eatre pr\u00eatre. Au cours de ce voyage aux \u00c9tats-Unis, il rencontre des victimes de pr\u00eatres, geste quil renouvellera en Australie, en juillet 2008, au Vatican, en avril 2009, o\u00f9 il re\u00e7oit des Am\u00e9rindiens venus du Canada et \u00e0 Malte, en avril 2010. Pour le journaliste Giancarlo Zizola, Beno\u00eet XVI a pr\u00f4n\u00e9 la tol\u00e9rance z\u00e9ro, engag\u00e9 les \u00e9v\u00eaques \u00e0 d\u00e9noncer les pr\u00eatres fautifs et permis une assistance mat\u00e9rielle aux victimes. Le porte-parole du Vatican a promis de commenter le face-\u00e0-face des deux papes mais a pr\u00e9venu quil ny aurait pas de communiqu\u00e9 d\u00e9taill\u00e9.  <img decoding=\"async\" src=\"http:\/\/cdn3-public.ladmedia.fr\/var\/public\/storage\/images\/news\/photos\/photos-charlene-de-monaco-toute-intimidee-pour-sa-premiere-rencontre-avec-le-pape-au-vatican-362509\/albert-et-charlene-de-monaco-au-vatican-pour-rencontrer-benoit-xvi-le-12-janvier-2013-362517\/4654396-1-fre-FR\/Albert-et-Charlene-de-Monaco-au-Vatican-pour-rencontrer-Benoit-XVI-le-12-janvier-2013_portrait_w674.jpg\" alt=\"rencontre du pape fran\u00e7ois avec benoit 16\" align=\"center\"> Joan Miro 1893-1983 nest pas un artiste facile \u00e0 appr\u00e9hender : trop symbolique, trop surr\u00e9aliste, trop abstrait peut-\u00eatre, pour nous qui cherchons souvent \u00e0 nous raccrocher \u00e0 des repr\u00e9sentations. Nous vivons dans une soci\u00e9t\u00e9 o\u00f9 chaque espace, chaque moment semble devoir \u00eatre rempli par des initiatives, des activit\u00e9s, des sons; nous navons souvent m\u00eame pas le temps d\u00e9couter et de dialoguer. Chers fr\u00e8res et s\u0153urs! Nayons pas peur de faire le silence en nous et \u00e0 lext\u00e9rieur de nous, si nous voulons \u00eatre capables non seulement de percevoir la voix de Dieu, mais \u00e9galement la voix de ceux qui sont \u00e0 nos c\u00f4t\u00e9s, la voix des autres. Il est Orgon dans Le Tartuffe de Moli\u00e8re au th\u00e9\u00e2tre de la Porte Saint-Martin. Il est lun de nos plus grands com\u00e9diens. Dans un entretien exceptionnel, Michel Bouquet se livre : Moli\u00e8re, \u00eatre un acteur, le dimanche qui a chang\u00e9 sa vie Il dit tout ou presque dans le Grand T\u00e9moin. Pour ce qui est des religions indig\u00e8nes, continue le communiqu\u00e9, lEglise catholique tente didentifier les \u00e9l\u00e9ments compatibles avec lEvangile, de mani\u00e8re \u00e0 les purifier et les int\u00e9grer correctement dans la vie des communaut\u00e9s eccl\u00e9siales locales. Chers fr\u00e8res et s\u0153urs, contempler ensemble le visage du Christ avec le c\u0153ur de Marie, notre M\u00e8re, nous rendra encore plus unis comme famille spirituelle et nous aidera \u00e0 surmonter cette \u00e9preuve. Alors que nous faisons face \u00e0 la pand\u00e9mie de Covid-19, le 25 avril dernier, le pape Fran\u00e7ois nous invitait \u00e0 prier Des \u00e9lections pr\u00e9sidentielle et l\u00e9gislatives anticip\u00e9es auront lieu le 24 juin en Turquie, plus dun an avant l\u00e9ch\u00e9ance normale novembre 2019, a annonc\u00e9 mercredi Recep Tayyip Erdogan, qui estime que le pays doit adopter durgence un r\u00e9gime pr\u00e9sidentiel. Les dioc\u00e8ses fran\u00e7ais et \u00e9gyptien ont sign\u00e9 un partenariat spirituel, culturel et solidaire pour une dur\u00e9e de trois ans, sous l\u00e9gide de lOeuvre dOrient et de la Fondation Sainte Genevi\u00e8ve.  Le pape Fran\u00e7ois, pour sa part, s\u00e9duit rapidement les m\u00e9dias mais aussi les fid\u00e8les. Son discours, dun style vigoureux et direct reste dans la m\u00eame ligne que celui de ses pr\u00e9d\u00e9cesseurs. En, l est nomm\u00e9 en son honneur par les astronomes et. Le p\u00e8re Michaeel Najeeb a sauv\u00e9 plus de 50 000 livres, archives, manuscrits de la ville de Qaraqosh en Irak. Il est maintenant \u00e0 Bagdad pour former des d\u00e9plac\u00e9s \u00e0 la protection de ces tr\u00e9sors culturels.  <img decoding=\"async\" src=\"http:\/\/www.revue-item.com\/wp-content\/uploads\/2013\/02\/Benoit-XVI-10i.jpg\" alt=\"rencontre du pape fran\u00e7ois avec benoit 16\" align=\"center\"> Avec les repr\u00e9sentants religieux, Emmanuel Macron entrevoit lapr\u00e8s.<\/p>\n","protected":false},"excerpt":{"rendered":"<p>rencontre du pape fran\u00e7ois avec benoit 16<\/p>\n","protected":false},"author":1,"featured_media":0,"comment_status":"closed","ping_status":"closed","sticky":false,"template":"","format":"standard","meta":{"hide_page_title":"","footnotes":""},"categories":[1],"tags":[],"class_list":["post-3450","post","type-post","status-publish","format-standard","hentry","category-uncategorized"],"_links":{"self":[{"href":"http:\/\/facilitymade.com\/data\/wp-json\/wp\/v2\/posts\/3450","targetHints":{"allow":["GET"]}}],"collection":[{"href":"http:\/\/facilitymade.com\/data\/wp-json\/wp\/v2\/posts"}],"about":[{"href":"http:\/\/facilitymade.com\/data\/wp-json\/wp\/v2\/types\/post"}],"author":[{"embeddable":true,"href":"http:\/\/facilitymade.com\/data\/wp-json\/wp\/v2\/users\/1"}],"replies":[{"embeddable":true,"href":"http:\/\/facilitymade.com\/data\/wp-json\/wp\/v2\/comments?post=3450"}],"version-history":[{"count":1,"href":"http:\/\/facilitymade.com\/data\/wp-json\/wp\/v2\/posts\/3450\/revisions"}],"predecessor-version":[{"id":3451,"href":"http:\/\/facilitymade.com\/data\/wp-json\/wp\/v2\/posts\/3450\/revisions\/3451"}],"wp:attachment":[{"href":"http:\/\/facilitymade.com\/data\/wp-json\/wp\/v2\/media?parent=3450"}],"wp:term":[{"taxonomy":"category","embeddable":true,"href":"http:\/\/facilitymade.com\/data\/wp-json\/wp\/v2\/categories?post=3450"},{"taxonomy":"post_tag","embeddable":true,"href":"http:\/\/facilitymade.com\/data\/wp-json\/wp\/v2\/tags?post=3450"}],"curies":[{"name":"wp","href":"https:\/\/api.w.org\/{rel}","templated":true}]}}