{"id":2816,"date":"2020-09-25T10:22:29","date_gmt":"2020-09-25T10:22:29","guid":{"rendered":"http:\/\/facilitymade.com\/data\/?p=2816"},"modified":"2020-09-21T03:51:48","modified_gmt":"2020-09-21T03:51:48","slug":"rencontres-lyriques-internationales","status":"publish","type":"post","link":"http:\/\/facilitymade.com\/data\/2020\/09\/25\/rencontres-lyriques-internationales\/","title":{"rendered":"Rencontres Lyriques Internationales"},"content":{"rendered":"<p> Roberto Alagna na d\u00e9cid\u00e9ment pas de chance \u00e0 lOp\u00e9ra de paris. D\u00e9j\u00e0 la saison pass\u00e9e il a fini la premi\u00e8re dOtello presque aphone, cette fois de nouveau souffrant, il jette l\u00e9ponge apr\u00e8s le.. Don Carlo-Festival du Film de Cabourg : la 34\u00e8me \u00e9dition aura bien lieu Cette ann\u00e9e, le festival a choisi le th\u00e8me de lamour comme fil rouge. Entrez vos coordonn\u00e9es ci-dessous ou cliquez sur une ic\u00f4ne pour vous connecter: Nominateurs : Phillip S. Block, John Fleetwood, Tadashi Ono, Jyrki Parantainen, Olivier Richon. Ce num\u00e9ro valable 3 minutes nest pas le num\u00e9ro du destinataire mais le num\u00e9ro dun service permettant la mise en relation avec celui-ci. Ce service est \u00e9dit\u00e9 par le site Le Parisien. FACILITER LINSERTION PROFESSIONNELLE DES CHANTEURS LYRIQUES Le B\u00e2lois a annonc\u00e9 sur les r\u00e9seaux sociaux mettre un terme \u00e0 sa saison. Op\u00e9r\u00e9 le 19 f\u00e9vrier pour nettoyer son genou droit, il a d\u00fb se soumettre \u00e0 une seconde arthroscopie Rencontres Internationales ParisBerlin Ga\u00eet\u00e9 Lyrique Entr\u00e9e Libre-Ga\u00eet\u00e9 Lyrique, Paris, 75003-Sortir \u00e0 Paris-Le Parisien Etudiant <img decoding=\"async\" src=\"http:\/\/fr.1001mags.com\/images\/couv\/A\/ArteMagazine\/12\/48635-ArteMagazine-12-Page-008.jpg\" alt=\"rencontres lyriques internationales\" align=\"left\">  Une odyss\u00e9e tragi-comique \u00e0 la d\u00e9couverte de lic\u00f4ne underground R. Stevie Moore. \u00c0 60 ans pass\u00e9s, lheure de la reconnaissance a-t-elle enfin sonn\u00e9e pour l\u00e9ternel outsider?  Il fallait bien, vendredi apr\u00e8s-midi, un ar\u00e9opage cons\u00e9quent d\u00e9lus notamment quatre s\u00e9natrices et un d\u00e9put\u00e9 pour proc\u00e9der \u00e0 quatre inaugurations. Symboles dune mutualisation HOMMAGE. Sylv\u00e8re Piquet, d\u00e9fricheur du m\u00e9c\u00e9nat dentreprise et auteur de M\u00e9c\u00e9nat et Sponsoring 1985, prix de lAcad\u00e9mie des Sciences Commerciales est d\u00e9c\u00e9d\u00e9 du Covid-19. Antoine Vaccaro rend hommage \u00e0 cet infatigable passeur, formidable p\u00e9dagogue et homme \u00e9l\u00e9gant dans tous les sens du terme. <img decoding=\"async\" src=\"http:\/\/www.letemps.com.tn\/sites\/www.letemps.com.tn\/files\/styles\/620px_wide\/public\/main\/articles\/orchestre_0.jpg\" alt=\"rencontres lyriques internationales\" align=\"center\"> Au programme \u00e9galement, les pr\u00e9sentations de Coming to Terms, de, pionnier et figure majeure du cin\u00e9ma ind\u00e9pendant am\u00e9ricain. Lartiste viendra \u00e9galement pour son documentaire Requiem NN apr\u00e8s sa projection au MoMA \u00e0 New York en octobre 2013. Enfin, la cin\u00e9aste exp\u00e9rimentale Friedl vom Gr\u00f6ller, fera d\u00e9couvrir 8 de ses films lors dune s\u00e9ance sp\u00e9ciale. Il avait notamment dirig\u00e9 le Groupe vocal de France Il.. Parmi les moments les plus marquants des derni\u00e8res Rencontres, on peut citer : la Nuit de lEurope 2008, qui a pr\u00e9sent\u00e9 un large panorama des identit\u00e9s photographiques europ\u00e9ennes ; le concert de Patti Smith \u00e0 loccasion de lanniversaire des 20 ans de lagence Vu 2006, la r\u00e9trospective consacr\u00e9e \u00e0 Stephen Shore et sa venue en 2015, ou encore lexposition musicale MMM, fruit de la rencontre entre Martin Parr et Mathieu Chedid. L\u00e9dition de 2016 a \u00e9galement consacr\u00e9 une grande exposition-r\u00e9trospective \u00e0 Don McCullin, venu pr\u00e9senter son travail au Th\u00e9\u00e2tre Antique lors dune Nuit lui \u00e9tant d\u00e9di\u00e9e. Access-Pascale Seys, Festival de Wallonie-Google Books <img decoding=\"async\" src=\"http:\/\/rencontreslyriquesdegeneve.com\/wp-content\/uploads\/2016\/01\/galerie_28-480x480.jpg\" alt=\"rencontres lyriques internationales\" align=\"center\"> Chaque ann\u00e9e, le ordonne une s\u00e9rie de festivit\u00e9s qui couronnent la saison r\u00e9guli\u00e8re : concerts, op\u00e9ras et programmes lyriques, mais aussi des bals masqu\u00e9s et m\u00eame une soir\u00e9e \u00e9lectro conjuguent les arts et les \u00e9poques dans ce cadre dexception. Archive : Alberto Giacometti dans l\u00e9mission Le monologue des peintres en avril 1957 sur la Cha\u00eene Nationale Loffre du Festival 1001 NOTES : Aux notes citoyens Le Conservatoire \u00e0 Rayonnement R\u00e9gional dispense un enseignement de grande qualit\u00e9 en musique, danse et th\u00e9\u00e2tre, \u00e0 plus de 1400 \u00e9l\u00e8ves. Le Conservatoire est un p\u00f4le dynamique de vie artistique. Il participe \u00e0 la saison culturelle municipale par une programmation compos\u00e9e de productions des enseignants mais \u00e9galement de laboutissement du travail des \u00e9l\u00e8ves. Prix du livre : Form aus Licht und Schatten, Heinz Hajek-Halke Steidl Verlag.<\/p>\n","protected":false},"excerpt":{"rendered":"<p>rencontres lyriques internationales<\/p>\n","protected":false},"author":1,"featured_media":0,"comment_status":"closed","ping_status":"closed","sticky":false,"template":"","format":"standard","meta":{"hide_page_title":"","footnotes":""},"categories":[1],"tags":[],"class_list":["post-2816","post","type-post","status-publish","format-standard","hentry","category-uncategorized"],"_links":{"self":[{"href":"http:\/\/facilitymade.com\/data\/wp-json\/wp\/v2\/posts\/2816","targetHints":{"allow":["GET"]}}],"collection":[{"href":"http:\/\/facilitymade.com\/data\/wp-json\/wp\/v2\/posts"}],"about":[{"href":"http:\/\/facilitymade.com\/data\/wp-json\/wp\/v2\/types\/post"}],"author":[{"embeddable":true,"href":"http:\/\/facilitymade.com\/data\/wp-json\/wp\/v2\/users\/1"}],"replies":[{"embeddable":true,"href":"http:\/\/facilitymade.com\/data\/wp-json\/wp\/v2\/comments?post=2816"}],"version-history":[{"count":1,"href":"http:\/\/facilitymade.com\/data\/wp-json\/wp\/v2\/posts\/2816\/revisions"}],"predecessor-version":[{"id":2817,"href":"http:\/\/facilitymade.com\/data\/wp-json\/wp\/v2\/posts\/2816\/revisions\/2817"}],"wp:attachment":[{"href":"http:\/\/facilitymade.com\/data\/wp-json\/wp\/v2\/media?parent=2816"}],"wp:term":[{"taxonomy":"category","embeddable":true,"href":"http:\/\/facilitymade.com\/data\/wp-json\/wp\/v2\/categories?post=2816"},{"taxonomy":"post_tag","embeddable":true,"href":"http:\/\/facilitymade.com\/data\/wp-json\/wp\/v2\/tags?post=2816"}],"curies":[{"name":"wp","href":"https:\/\/api.w.org\/{rel}","templated":true}]}}