{"id":2680,"date":"2020-09-24T17:29:57","date_gmt":"2020-09-24T17:29:57","guid":{"rendered":"http:\/\/facilitymade.com\/data\/?p=2680"},"modified":"2020-09-21T00:24:29","modified_gmt":"2020-09-21T00:24:29","slug":"premiere-rencontre-elena-damon","status":"publish","type":"post","link":"http:\/\/facilitymade.com\/data\/2020\/09\/24\/premiere-rencontre-elena-damon\/","title":{"rendered":"Premi\u00e8re Rencontre Elena Damon"},"content":{"rendered":"<p>Date du d\u00e9but de la relation : La Nuit de la Com\u00e8te 1&#215;02 Elena demande \u00e0 Stefan daller avec elle \u00e0 la f\u00eate annuelle des Fondateurs. :Damon raconte a Elena comment Stefan la forc\u00e9 \u00e0 terminer la transition <img decoding=\"async\" src=\"http:\/\/lejournaldeleco.fr\/wp-content\/uploads\/2016\/11\/Lionel-Benhamou.jpg\" alt=\"premi\u00e8re rencontre elena damon\" align=\"left\">   b Le jour de son anniversaire, Damon lui offre le collier que Stefan lui avait offert avant quil ne fasse taire son humanit\u00e9 Damon pris ma main dans les siennes. Il faux que je me r\u00e9veille et vite! Mort du c\u00e9l\u00e8bre baryton fran\u00e7ais Gabriel Bacquier Musique Arts Le Soleil-Qu\u00e9bec Apr\u00e8s l\u00e9chec de Damon de navoir pu retrouver Katherine, Elena va voir tout le d\u00e9sespoir et la tristesse quil ressent, elle va lenlacer. A ce moment l\u00e0, leur relation prend un autre chemin Elena et Damon se soutiennent et Elena commence \u00e0 appr\u00e9cier Damon et voit en lui un homme qui fait tout pour retrouver son amour. Damon va soccuper \u00e0 sa mani\u00e8re pour oublier sa tristesse avec des filles, o\u00f9 il prend du plaisir entre sexe, alcool et sang. Elena va \u00e0 la rencontre de Stefan mais elle tombe sur Damon qui se pr\u00e9pare pour la soir\u00e9e aux ench\u00e8res. En la voyant il joue de son charme en lui disant, torse nu, quil est super, mignon, irr\u00e9sistible mais celle-ci va r\u00e9pondre quil ressemble \u00e0 une \u00e9pave. Elle lui demande comment il va, sil se remet mais il joue de son air arrogant en lui disant quil va tr\u00e8s bien et quil est dhumeur \u00e0 rendre des tas de services.Il lui demande alors de laider \u00e0 boutonner sa chemise, elle sapproche de lui, blas\u00e9e puis lui sourit en lui confiant quelle a appris qui est sa m\u00e8re biologique. Il lui r\u00e9pondra encore de son humour sarcastique en lui disant quil sen fiche car sa m\u00e8re est nulle de lavoir abandonn\u00e9. A la soir\u00e9e des ench\u00e8res, Elena va apprendre de la bouche de Damon quil a connu sa m\u00e8re et quapparemment il a eu une liaison avec elle et quil laurait tu\u00e9. En apprenant cela elle va lui r\u00e9v\u00e9ler le nom de sa m\u00e8re et il va faire le rapprochement. Elle va lui dire quelle pensait vraiment quil y avait quelque chose de r\u00e9cup\u00e9rable en lui mais quelle sest tromp\u00e9e. Elena est tr\u00e8s remont\u00e9e contre Damon apr\u00e8s quelle ait appris ce quil a fait \u00e0 Isobel. Elle souhaite passer une journ\u00e9e tranquille avec Stefan \u00e0 samuser loin de toutes ces histoires de vampires. Ils vont passer la soir\u00e9e avec Matt et Caroline. Quant \u00e0 Damon il va passer sa fin de soir\u00e9e avec la m\u00e8re de Matt avant d\u00eatre d\u00e9couvert par notre petite bande.  Cest pour cela que lorsquil va d\u00e9couvrir que Stefan la tromp\u00e9 en ouvrant le cercueil de son p\u00e8re pour r\u00e9cup\u00e9rer le grimoire avant lui, il va sen prendre \u00e0 Elena pour montrer \u00e0 son fr\u00e8re quil est extr\u00eamement d\u00e9\u00e7u et f\u00e2ch\u00e9 de sa trahison.Il va lui montrer ce quon ressent quand on sen prend \u00e0 celle quon aime. Damon r\u00e9agit de la mani\u00e8re quil le caract\u00e9rise le plus par la col\u00e8re. Damon aide Elena \u00e0 apprendre \u00e0 se battre contre un vampire tout en voulant aider Stefan \u00e0 retrouver son humanit\u00e9. Lorsque Bonnie et Caroline s \u00e9loignent, il me demande: 20 sc\u00e8nes que tous ceux qui ont \u00e9cout\u00e9 The Vampire Diaries connaissent bien-Narcity Une publication partag\u00e9e par lhallyday le 10 Mai 2020 \u00e0 12 :16 PDT <img decoding=\"async\" src=\"http:\/\/www.cabling.fr\/wp-content\/uploads\/2018\/05\/cabling-r-film-de-protection-verre-trempe-incur-300x300.jpg\" alt=\"premi\u00e8re rencontre elena damon\" align=\"left\"> Les t\u00e9l\u00e9spectateurs ont pu d\u00e9couvrir le d\u00e9c\u00e8s de ses parents et pour tourner la sc\u00e8ne, une prise de vue sp\u00e9ciale a \u00e9t\u00e9 r\u00e9alis\u00e9e. <img decoding=\"async\" src=\"http:\/\/cdn.purple.fr\/6d462d70a65879f94223d92e532e42a9\/static.purple.fr\/2018\/03\/Capo-web-768x512.jpg\/480x343c\/Capo-web-768x512.jpg\" alt=\"premi\u00e8re rencontre elena damon\" align=\"right\"> Elena baissant les yeux : Ok fais gaffe dans se cas. : Damon demande a Elena si elle va rester encore ce soir.<\/p>\n","protected":false},"excerpt":{"rendered":"<p>premi\u00e8re rencontre elena damon<\/p>\n","protected":false},"author":1,"featured_media":0,"comment_status":"closed","ping_status":"closed","sticky":false,"template":"","format":"standard","meta":{"hide_page_title":"","footnotes":""},"categories":[1],"tags":[],"class_list":["post-2680","post","type-post","status-publish","format-standard","hentry","category-uncategorized"],"_links":{"self":[{"href":"http:\/\/facilitymade.com\/data\/wp-json\/wp\/v2\/posts\/2680","targetHints":{"allow":["GET"]}}],"collection":[{"href":"http:\/\/facilitymade.com\/data\/wp-json\/wp\/v2\/posts"}],"about":[{"href":"http:\/\/facilitymade.com\/data\/wp-json\/wp\/v2\/types\/post"}],"author":[{"embeddable":true,"href":"http:\/\/facilitymade.com\/data\/wp-json\/wp\/v2\/users\/1"}],"replies":[{"embeddable":true,"href":"http:\/\/facilitymade.com\/data\/wp-json\/wp\/v2\/comments?post=2680"}],"version-history":[{"count":1,"href":"http:\/\/facilitymade.com\/data\/wp-json\/wp\/v2\/posts\/2680\/revisions"}],"predecessor-version":[{"id":2681,"href":"http:\/\/facilitymade.com\/data\/wp-json\/wp\/v2\/posts\/2680\/revisions\/2681"}],"wp:attachment":[{"href":"http:\/\/facilitymade.com\/data\/wp-json\/wp\/v2\/media?parent=2680"}],"wp:term":[{"taxonomy":"category","embeddable":true,"href":"http:\/\/facilitymade.com\/data\/wp-json\/wp\/v2\/categories?post=2680"},{"taxonomy":"post_tag","embeddable":true,"href":"http:\/\/facilitymade.com\/data\/wp-json\/wp\/v2\/tags?post=2680"}],"curies":[{"name":"wp","href":"https:\/\/api.w.org\/{rel}","templated":true}]}}